{"id":12357,"date":"2024-01-13T11:17:26","date_gmt":"2024-01-13T10:17:26","guid":{"rendered":"http:\/\/szulc-euphenics.com\/?p=12357"},"modified":"2024-09-07T11:20:03","modified_gmt":"2024-09-07T09:20:03","slug":"gminy-dzieki-nam-powili-zaczynaja-rozumiec-jak-istotne-z-puntu-widzenia-uzasadnionego-interesu-spolecznego-pro-publico-bono-jest-udostepnianie-informacji-publicznej","status":"publish","type":"post","link":"https:\/\/szulc-euphenics.com\/?p=12357","title":{"rendered":"Grzywna dla Wojta &#8211; Gminy &#8211; dzi\u0119ki nam &#8211; zaczynaj\u0105 rozumie\u0107 jak istotna z puntu widzenia uzasadnionego interesu spo\u0142ecznego &#8211; pro publico bono &#8211; jawno\u015b\u0107 i transparentno\u015b\u0107"},"content":{"rendered":"\n<figure class=\"wp-block-image size-full\"><img loading=\"lazy\" decoding=\"async\" width=\"750\" height=\"210\" src=\"http:\/\/szulc-euphenics.com\/wp-content\/uploads\/2024\/01\/przytyk4-sentence-kopia.jpeg\" alt=\"\" class=\"wp-image-12359\" srcset=\"https:\/\/szulc-euphenics.com\/wp-content\/uploads\/2024\/01\/przytyk4-sentence-kopia.jpeg 750w, https:\/\/szulc-euphenics.com\/wp-content\/uploads\/2024\/01\/przytyk4-sentence-kopia-300x84.jpeg 300w\" sizes=\"auto, (max-width: 750px) 100vw, 750px\" \/><\/figure>\n\n\n\n<p>W przedmiotowej sprawie Pan W\u00f3jt nie chcia\u0142 nam udzieli\u0107\u00a0 informacji publicznej w trybie (t.j. Dz. U. z 2022 r. poz. 902.)\u00a0 &#8211; zapytali\u015bmy wi\u0119c S\u0105d w przedmiotowej sprawie &#8211; a S\u0105d &#8211; tak poprowadzi\u0142 spraw\u0119 &#8211; ex professo, \u017ce ad hoc w ci\u0105gu kilku dni wprowadzi\u0142 j\u0105 na wokand\u0119 i wyda\u0142 b\u0142yskawiczny wyrok &#8211; eksponuj\u0105c merkantylny charakter sankcji.  <br>Po czym maj\u0105c &#8211; wyrok w r\u0119ku &#8211; z\u0142o\u017cyli\u015bmy skarg\u0119 do Rady Gminy w trybie art. 229 KPA &#8211; w przedmiocie marnotrawienia \u015brodk\u00f3w publicznych &#8230; mamy nadziej\u0119, \u017ce teraz Wojt trzy razy si\u0119 zastanowi &#8211; zanim zleci us\u0142ug\u0119 niezgodnie z zasadami uczciwej konkurencji. <\/p>\n\n\n\n<figure class=\"wp-block-image size-large\"><img loading=\"lazy\" decoding=\"async\" width=\"724\" height=\"1024\" src=\"http:\/\/szulc-euphenics.com\/wp-content\/uploads\/2024\/01\/skanowanie0002-1-724x1024.jpg\" alt=\"\" class=\"wp-image-12395\" srcset=\"https:\/\/szulc-euphenics.com\/wp-content\/uploads\/2024\/01\/skanowanie0002-1-724x1024.jpg 724w, https:\/\/szulc-euphenics.com\/wp-content\/uploads\/2024\/01\/skanowanie0002-1-212x300.jpg 212w, https:\/\/szulc-euphenics.com\/wp-content\/uploads\/2024\/01\/skanowanie0002-1-768x1086.jpg 768w, https:\/\/szulc-euphenics.com\/wp-content\/uploads\/2024\/01\/skanowanie0002-1-1087x1536.jpg 1087w, https:\/\/szulc-euphenics.com\/wp-content\/uploads\/2024\/01\/skanowanie0002-1.jpg 1240w\" sizes=\"auto, (max-width: 724px) 100vw, 724px\" \/><\/figure>\n\n\n\n<div data-wp-interactive=\"core\/file\" class=\"wp-block-file\"><object data-wp-bind--hidden=\"!state.hasPdfPreview\" hidden class=\"wp-block-file__embed\" data=\"http:\/\/szulc-euphenics.com\/wp-content\/uploads\/2024\/01\/skanowanie0007.pdf\" type=\"application\/pdf\" style=\"width:100%;height:600px\" aria-label=\"Osadzone z skanowanie0007.\"><\/object><a id=\"wp-block-file--media-5fe8b397-1205-48fc-a225-a15dfa196807\" href=\"http:\/\/szulc-euphenics.com\/wp-content\/uploads\/2024\/01\/skanowanie0007.pdf\">skanowanie0007<\/a><a href=\"http:\/\/szulc-euphenics.com\/wp-content\/uploads\/2024\/01\/skanowanie0007.pdf\" class=\"wp-block-file__button wp-element-button\" download aria-describedby=\"wp-block-file--media-5fe8b397-1205-48fc-a225-a15dfa196807\">Pobierz<\/a><\/div>\n","protected":false},"excerpt":{"rendered":"<div class=\"mh-excerpt\"><p>W przedmiotowej sprawie Pan W\u00f3jt nie chcia\u0142 nam udzieli\u0107\u00a0 informacji publicznej w trybie (t.j. Dz. U. z 2022 r. poz. 902.)\u00a0 &#8211; zapytali\u015bmy wi\u0119c S\u0105d w przedmiotowej sprawie &#8211; a S\u0105d &#8211; tak poprowadzi\u0142 spraw\u0119 &#8211; ex professo, \u017ce ad hoc w ci\u0105gu kilku <a class=\"mh-excerpt-more\" href=\"https:\/\/szulc-euphenics.com\/?p=12357\" title=\"Grzywna dla Wojta &#8211; Gminy &#8211; dzi\u0119ki nam &#8211; zaczynaj\u0105 rozumie\u0107 jak istotna z puntu widzenia uzasadnionego interesu spo\u0142ecznego &#8211; pro publico bono &#8211; jawno\u015b\u0107 i transparentno\u015b\u0107\">[&#8230;]<\/a><\/p>\n<\/div>","protected":false},"author":1,"featured_media":12359,"comment_status":"open","ping_status":"open","sticky":false,"template":"","format":"standard","meta":{"footnotes":""},"categories":[18,21,23,24],"tags":[],"class_list":{"0":"post-12357","1":"post","2":"type-post","3":"status-publish","4":"format-standard","5":"has-post-thumbnail","7":"category-digest","8":"category-duze","9":"category-mlcp","10":"category-horizontal-strona-glowna-11-publicity"},"_links":{"self":[{"href":"https:\/\/szulc-euphenics.com\/index.php?rest_route=\/wp\/v2\/posts\/12357","targetHints":{"allow":["GET"]}}],"collection":[{"href":"https:\/\/szulc-euphenics.com\/index.php?rest_route=\/wp\/v2\/posts"}],"about":[{"href":"https:\/\/szulc-euphenics.com\/index.php?rest_route=\/wp\/v2\/types\/post"}],"author":[{"embeddable":true,"href":"https:\/\/szulc-euphenics.com\/index.php?rest_route=\/wp\/v2\/users\/1"}],"replies":[{"embeddable":true,"href":"https:\/\/szulc-euphenics.com\/index.php?rest_route=%2Fwp%2Fv2%2Fcomments&post=12357"}],"version-history":[{"count":8,"href":"https:\/\/szulc-euphenics.com\/index.php?rest_route=\/wp\/v2\/posts\/12357\/revisions"}],"predecessor-version":[{"id":17758,"href":"https:\/\/szulc-euphenics.com\/index.php?rest_route=\/wp\/v2\/posts\/12357\/revisions\/17758"}],"wp:featuredmedia":[{"embeddable":true,"href":"https:\/\/szulc-euphenics.com\/index.php?rest_route=\/wp\/v2\/media\/12359"}],"wp:attachment":[{"href":"https:\/\/szulc-euphenics.com\/index.php?rest_route=%2Fwp%2Fv2%2Fmedia&parent=12357"}],"wp:term":[{"taxonomy":"category","embeddable":true,"href":"https:\/\/szulc-euphenics.com\/index.php?rest_route=%2Fwp%2Fv2%2Fcategories&post=12357"},{"taxonomy":"post_tag","embeddable":true,"href":"https:\/\/szulc-euphenics.com\/index.php?rest_route=%2Fwp%2Fv2%2Ftags&post=12357"}],"curies":[{"name":"wp","href":"https:\/\/api.w.org\/{rel}","templated":true}]}}