{"id":12528,"date":"2024-01-20T10:03:14","date_gmt":"2024-01-20T09:03:14","guid":{"rendered":"http:\/\/szulc-euphenics.com\/?p=12528"},"modified":"2024-01-20T10:11:38","modified_gmt":"2024-01-20T09:11:38","slug":"wzrost-budzetow-w-gminach-miastach-ipso-iure-art-29-ustawy-z-dnia-21-listopada-2008-r-o-pracownikach-samorzadowych-t-j-dz-u-z-2022-r-poz-530","status":"publish","type":"post","link":"https:\/\/szulc-euphenics.com\/?p=12528","title":{"rendered":"Wzrost bud\u017cet\u00f3w w Gminach\/Miastach  &#8211; ipso iure &#8211; art. 29 Ustawy  z dnia 21 listopada 2008 r. o pracownikach samorz\u0105dowych t.j. (Dz. U. z 2022 r. poz. 530)"},"content":{"rendered":"<p>Wzrost bud\u017cet\u00f3w w Gminach\/Miastach zwi\u0105zanych z funduszem szkole\u0144 &#8211; ipso iure &#8211; art. 29 Ustawy z dnia 21 listopada 2008 r. o pracownikach samorz\u0105dowych t.j. (Dz. U. z 2022 r. poz. 530) &#8211; jest bardzo progresywny &#8211; nawet kwantyfikuj\u0105c kompensat\u0119 w zakresie wska\u017anika inflacji, etc<\/p>\n<p>\u00a0<\/p>\n\n\n<figure class=\"wp-block-image size-large\"><img loading=\"lazy\" decoding=\"async\" width=\"724\" height=\"1024\" src=\"http:\/\/szulc-euphenics.com\/wp-content\/uploads\/2024\/01\/skanowanie0005-724x1024.jpg\" alt=\"\" class=\"wp-image-12530\" srcset=\"https:\/\/szulc-euphenics.com\/wp-content\/uploads\/2024\/01\/skanowanie0005-724x1024.jpg 724w, https:\/\/szulc-euphenics.com\/wp-content\/uploads\/2024\/01\/skanowanie0005-212x300.jpg 212w, https:\/\/szulc-euphenics.com\/wp-content\/uploads\/2024\/01\/skanowanie0005-768x1086.jpg 768w, https:\/\/szulc-euphenics.com\/wp-content\/uploads\/2024\/01\/skanowanie0005-1087x1536.jpg 1087w, https:\/\/szulc-euphenics.com\/wp-content\/uploads\/2024\/01\/skanowanie0005.jpg 1240w\" sizes=\"auto, (max-width: 724px) 100vw, 724px\" \/><\/figure>\n","protected":false},"excerpt":{"rendered":"<div class=\"mh-excerpt\"><p>Wzrost bud\u017cet\u00f3w w Gminach\/Miastach zwi\u0105zanych z funduszem szkole\u0144 &#8211; ipso iure &#8211; art. 29 Ustawy z dnia 21 listopada 2008 r. o pracownikach samorz\u0105dowych t.j. (Dz. U. z 2022 r. poz. 530) &#8211; jest bardzo progresywny &#8211; nawet kwantyfikuj\u0105c kompensat\u0119 w zakresie wska\u017anika inflacji, <a class=\"mh-excerpt-more\" href=\"https:\/\/szulc-euphenics.com\/?p=12528\" title=\"Wzrost bud\u017cet\u00f3w w Gminach\/Miastach  &#8211; ipso iure &#8211; art. 29 Ustawy  z dnia 21 listopada 2008 r. o pracownikach samorz\u0105dowych t.j. (Dz. U. z 2022 r. poz. 530)\">[&#8230;]<\/a><\/p>\n<\/div>","protected":false},"author":1,"featured_media":12531,"comment_status":"open","ping_status":"open","sticky":false,"template":"","format":"standard","meta":{"footnotes":""},"categories":[21,23],"tags":[],"class_list":{"0":"post-12528","1":"post","2":"type-post","3":"status-publish","4":"format-standard","5":"has-post-thumbnail","7":"category-duze","8":"category-mlcp"},"_links":{"self":[{"href":"https:\/\/szulc-euphenics.com\/index.php?rest_route=\/wp\/v2\/posts\/12528","targetHints":{"allow":["GET"]}}],"collection":[{"href":"https:\/\/szulc-euphenics.com\/index.php?rest_route=\/wp\/v2\/posts"}],"about":[{"href":"https:\/\/szulc-euphenics.com\/index.php?rest_route=\/wp\/v2\/types\/post"}],"author":[{"embeddable":true,"href":"https:\/\/szulc-euphenics.com\/index.php?rest_route=\/wp\/v2\/users\/1"}],"replies":[{"embeddable":true,"href":"https:\/\/szulc-euphenics.com\/index.php?rest_route=%2Fwp%2Fv2%2Fcomments&post=12528"}],"version-history":[{"count":2,"href":"https:\/\/szulc-euphenics.com\/index.php?rest_route=\/wp\/v2\/posts\/12528\/revisions"}],"predecessor-version":[{"id":12532,"href":"https:\/\/szulc-euphenics.com\/index.php?rest_route=\/wp\/v2\/posts\/12528\/revisions\/12532"}],"wp:featuredmedia":[{"embeddable":true,"href":"https:\/\/szulc-euphenics.com\/index.php?rest_route=\/wp\/v2\/media\/12531"}],"wp:attachment":[{"href":"https:\/\/szulc-euphenics.com\/index.php?rest_route=%2Fwp%2Fv2%2Fmedia&parent=12528"}],"wp:term":[{"taxonomy":"category","embeddable":true,"href":"https:\/\/szulc-euphenics.com\/index.php?rest_route=%2Fwp%2Fv2%2Fcategories&post=12528"},{"taxonomy":"post_tag","embeddable":true,"href":"https:\/\/szulc-euphenics.com\/index.php?rest_route=%2Fwp%2Fv2%2Ftags&post=12528"}],"curies":[{"name":"wp","href":"https:\/\/api.w.org\/{rel}","templated":true}]}}